{"id":461,"date":"2023-09-29T12:51:54","date_gmt":"2023-09-29T10:51:54","guid":{"rendered":"https:\/\/ampajesusmaria.es\/?page_id=461"},"modified":"2023-09-29T12:52:08","modified_gmt":"2023-09-29T10:52:08","slug":"fotos-curso-2023-2024","status":"publish","type":"post","link":"https:\/\/ampajesusmaria.es\/?p=461","title":{"rendered":"Fotos curso 2023\/2024"},"content":{"rendered":"\n<p>Estimadas familias,<br><br>Como viene siendo tradici\u00f3n, el AMPA ha programado la <strong>sesi\u00f3n fotogr\u00e1fica de<br>Navidad<\/strong>, que se realizar\u00e1 a todos aquellos alumnos del centro que quieran adquirir el<br>lote completo.<\/p>\n\n\n\n<p>El lote de este a\u00f1o consta de : <\/p>\n\n\n\n<div class=\"wp-block-columns is-layout-flex wp-container-core-columns-is-layout-1 wp-block-columns-is-layout-flex\">\n<div class=\"wp-block-column is-layout-flow wp-block-column-is-layout-flow\">\n<ul class=\"wp-block-list\">\n<li>1 calendario tama\u00f1o 20 x 25 cm<\/li>\n\n\n\n<li>1 fotograf\u00eda tama\u00f1o 20 x 25 cm<\/li>\n\n\n\n<li>1 fotograf\u00eda tama\u00f1o 15 x 20 cm<\/li>\n\n\n\n<li>2 fotograf\u00edas tama\u00f1o 10 x 15 cm<\/li>\n\n\n\n<li>2 fotograf\u00edas tama\u00f1o 7 x 10 cm<\/li>\n\n\n\n<li>4 felicitaciones de Navidad<\/li>\n\n\n\n<li>2 imanes<\/li>\n\n\n\n<li>1 punto de libro<\/li>\n\n\n\n<li>4 fotograf\u00edas tama\u00f1o carnet<\/li>\n\n\n\n<li><strong>1 lienzo en bastidor (23 x 29 cm)<\/strong> como <strong>NOVEDAD<\/strong><\/li>\n<\/ul>\n<\/div>\n\n\n\n<div class=\"wp-block-column is-layout-flow wp-block-column-is-layout-flow\">\n<figure class=\"wp-block-image size-full is-style-default\"><img loading=\"lazy\" decoding=\"async\" width=\"607\" height=\"403\" src=\"https:\/\/ampajesusmaria.es\/wp-content\/uploads\/2023\/09\/lienzo.jpg\" alt=\"Lienzo\" class=\"wp-image-463\" srcset=\"https:\/\/ampajesusmaria.es\/wp-content\/uploads\/2023\/09\/lienzo.jpg 607w, https:\/\/ampajesusmaria.es\/wp-content\/uploads\/2023\/09\/lienzo-300x199.jpg 300w\" sizes=\"auto, (max-width: 607px) 100vw, 607px\" \/><\/figure>\n<\/div>\n<\/div>\n\n\n\n<p><strong>Las sesiones se realizar\u00e1n los d\u00edas 24 y 25 de OCTUBRE.<\/strong> <\/p>\n\n\n\n<p>Se pueden hacer con el uniforme o con el ch\u00e1ndal, pero los alumnos que dichos d\u00edas tengan Educaci\u00f3n F\u00edsica, y las quieran con uniforme, tendr\u00e1n que traer el polo para poder cambiarse durante la sesi\u00f3n. <\/p>\n\n\n\n<p>Si por alg\u00fan motivo, los alumnos no pudieran asistir estos d\u00edas al colegio, no se podr\u00e1n realizar las fotos y, por tanto, se devolver\u00eda el dinero, descontando los gastos de gesti\u00f3n.<\/p>\n\n\n\n<p>Este lote tiene un precio de:<\/p>\n\n\n\n<figure class=\"wp-block-table\"><table><tbody><tr><td class=\"has-text-align-center\" data-align=\"center\"><strong>AMPA<\/strong><\/td><td class=\"has-text-align-center\" data-align=\"center\"><strong>NO AMPA<\/strong><\/td><\/tr><tr><td class=\"has-text-align-center\" data-align=\"center\">18\u20ac<\/td><td class=\"has-text-align-center\" data-align=\"center\">28\u20ac<\/td><\/tr><\/tbody><\/table><\/figure>\n\n\n\n<p>Y se puede conseguir a trav\u00e9s del siguiente formulario que s\u00f3lo estar\u00e1 disponible <strong>hasta el d\u00eda 22 de octubre<\/strong>:<\/p>\n\n\n\n\n\n<p>Si ten\u00e9is alguna duda o inconveniente para realizar la compra, os pod\u00e9is poner en contacto con nosotros en el correo: <a href=\"mailto:ampa@ccjesusmaria.com\">ampa@ccjesusmaria.com<\/a> o a trav\u00e9s del formulario de la <a href=\"https:\/\/ampajesusmaria.es\/contacto\/\" data-type=\"page\" data-id=\"16\">p\u00e1gina de contacto<\/a>.<\/p>\n","protected":false},"excerpt":{"rendered":"<p>Estimadas familias, Como viene siendo tradici\u00f3n, el AMPA ha programado la sesi\u00f3n fotogr\u00e1fica deNavidad, que se realizar\u00e1 a todos aquellos alumnos del centro que quieran adquirir ellote completo. El lote de este a\u00f1o consta de : Las sesiones se realizar\u00e1n los d\u00edas 24 y 25 de OCTUBRE. Se pueden hacer con el uniforme o con&#8230;<\/p>\n","protected":false},"author":1,"featured_media":463,"comment_status":"closed","ping_status":"closed","sticky":false,"template":"","format":"standard","meta":{"_kad_blocks_custom_css":"","_kad_blocks_head_custom_js":"","_kad_blocks_body_custom_js":"","_kad_blocks_footer_custom_js":"","_kad_post_transparent":"","_kad_post_title":"","_kad_post_layout":"","_kad_post_sidebar_id":"","_kad_post_content_style":"","_kad_post_vertical_padding":"","_kad_post_feature":"","_kad_post_feature_position":"","_kad_post_header":false,"_kad_post_footer":false,"footnotes":""},"categories":[1],"tags":[],"class_list":["post-461","post","type-post","status-publish","format-standard","has-post-thumbnail","hentry","category-blog"],"acf":[],"taxonomy_info":{"category":[{"value":1,"label":"Noticias"}]},"featured_image_src_large":["https:\/\/ampajesusmaria.es\/wp-content\/uploads\/2023\/09\/lienzo.jpg",607,403,false],"author_info":{"display_name":"Juan Antonio","author_link":"https:\/\/ampajesusmaria.es\/author\/juanantonio"},"comment_info":0,"category_info":[{"term_id":1,"name":"Noticias","slug":"blog","term_group":0,"term_taxonomy_id":1,"taxonomy":"category","description":"","parent":0,"count":26,"filter":"raw","cat_ID":1,"category_count":26,"category_description":"","cat_name":"Noticias","category_nicename":"blog","category_parent":0}],"tag_info":false,"_links":{"self":[{"href":"https:\/\/ampajesusmaria.es\/index.php?rest_route=\/wp\/v2\/posts\/461","targetHints":{"allow":["GET"]}}],"collection":[{"href":"https:\/\/ampajesusmaria.es\/index.php?rest_route=\/wp\/v2\/posts"}],"about":[{"href":"https:\/\/ampajesusmaria.es\/index.php?rest_route=\/wp\/v2\/types\/post"}],"author":[{"embeddable":true,"href":"https:\/\/ampajesusmaria.es\/index.php?rest_route=\/wp\/v2\/users\/1"}],"replies":[{"embeddable":true,"href":"https:\/\/ampajesusmaria.es\/index.php?rest_route=%2Fwp%2Fv2%2Fcomments&post=461"}],"version-history":[{"count":6,"href":"https:\/\/ampajesusmaria.es\/index.php?rest_route=\/wp\/v2\/posts\/461\/revisions"}],"predecessor-version":[{"id":474,"href":"https:\/\/ampajesusmaria.es\/index.php?rest_route=\/wp\/v2\/posts\/461\/revisions\/474"}],"wp:featuredmedia":[{"embeddable":true,"href":"https:\/\/ampajesusmaria.es\/index.php?rest_route=\/wp\/v2\/media\/463"}],"wp:attachment":[{"href":"https:\/\/ampajesusmaria.es\/index.php?rest_route=%2Fwp%2Fv2%2Fmedia&parent=461"}],"wp:term":[{"taxonomy":"category","embeddable":true,"href":"https:\/\/ampajesusmaria.es\/index.php?rest_route=%2Fwp%2Fv2%2Fcategories&post=461"},{"taxonomy":"post_tag","embeddable":true,"href":"https:\/\/ampajesusmaria.es\/index.php?rest_route=%2Fwp%2Fv2%2Ftags&post=461"}],"curies":[{"name":"wp","href":"https:\/\/api.w.org\/{rel}","templated":true}]}}