{"id":655,"date":"2025-03-28T05:58:37","date_gmt":"2025-03-28T04:58:37","guid":{"rendered":"https:\/\/ampajesusmaria.es\/?p=655"},"modified":"2025-03-28T07:12:58","modified_gmt":"2025-03-28T06:12:58","slug":"diada-familiar-palma-aquarium-2025","status":"publish","type":"post","link":"https:\/\/ampajesusmaria.es\/?p=655","title":{"rendered":"Diada familiar Palma Aquarium 2025"},"content":{"rendered":"\n<p>\u00a1Hola, familias del AMPA!<\/p>\n\n\n\n<p>Desde el AMPA hemos querido organizar una Diada Familiar, en la que podr\u00e9is disfrutar de<br>pasar tiempo en familia, adem\u00e1s de compartir tiempo con otras familias del colegio y en un<br>lugar tan maravilloso como es el Palma Aquarium.<\/p>\n\n\n<style>.wp-block-kadence-advancedheading.kt-adv-heading655_ef922a-52, .wp-block-kadence-advancedheading.kt-adv-heading655_ef922a-52[data-kb-block=\"kb-adv-heading655_ef922a-52\"]{font-style:normal;}.wp-block-kadence-advancedheading.kt-adv-heading655_ef922a-52 mark.kt-highlight, .wp-block-kadence-advancedheading.kt-adv-heading655_ef922a-52[data-kb-block=\"kb-adv-heading655_ef922a-52\"] mark.kt-highlight{font-style:normal;color:#f76a0c;-webkit-box-decoration-break:clone;box-decoration-break:clone;padding-top:0px;padding-right:0px;padding-bottom:0px;padding-left:0px;}<\/style>\n<h3 class=\"kt-adv-heading655_ef922a-52 wp-block-kadence-advancedheading\" data-kb-block=\"kb-adv-heading655_ef922a-52\">\u00bfCu\u00e1ndo?<\/h3>\n\n\n\n<p><strong><mark style=\"background-color:#EDF2F7\" class=\"has-inline-color\">S\u00e1bado, 12 de abril de 2025<\/mark><\/strong><\/p>\n\n\n<style>.wp-block-kadence-advancedheading.kt-adv-heading655_bba6cf-a7, .wp-block-kadence-advancedheading.kt-adv-heading655_bba6cf-a7[data-kb-block=\"kb-adv-heading655_bba6cf-a7\"]{font-style:normal;}.wp-block-kadence-advancedheading.kt-adv-heading655_bba6cf-a7 mark.kt-highlight, .wp-block-kadence-advancedheading.kt-adv-heading655_bba6cf-a7[data-kb-block=\"kb-adv-heading655_bba6cf-a7\"] mark.kt-highlight{font-style:normal;color:#f76a0c;-webkit-box-decoration-break:clone;box-decoration-break:clone;padding-top:0px;padding-right:0px;padding-bottom:0px;padding-left:0px;}<\/style>\n<h3 class=\"kt-adv-heading655_bba6cf-a7 wp-block-kadence-advancedheading\" data-kb-block=\"kb-adv-heading655_bba6cf-a7\">Precios <br><\/h3>\n\n\n\n<figure class=\"wp-block-table\"><table><tbody><tr><td><\/td><td class=\"has-text-align-center\" data-align=\"center\"><strong>Precio AMPA<\/strong><\/td><\/tr><tr><td><strong>Adultos ( mayores de 12 a\u00f1os )<\/strong><\/td><td class=\"has-text-align-center\" data-align=\"center\">15 \u20ac<\/td><\/tr><tr><td><strong>Ni\u00f1os ( entre 3 y 12 a\u00f1os )<\/strong><\/td><td class=\"has-text-align-center\" data-align=\"center\">10 \u20ac<\/td><\/tr><tr><td><strong>Menores de 3 a\u00f1os<\/strong><\/td><td class=\"has-text-align-center\" data-align=\"center\"><em>gratis<\/em><\/td><\/tr><\/tbody><\/table><\/figure>\n\n\n\n<p><\/p>\n\n\n\n<p>Tambi\u00e9n queremos <strong>regalaros un ratito de cine,<\/strong> por este motivo, incluiremos en las entradas un pase al cine <strong><strong>3D Cinema Aquadome<\/strong><\/strong> a cargo del AMPA. La hora de inicio de las sesiones es a partir de las 12h cada 30 minutos. Os recomendados que consult\u00e9is los horarios nada m\u00e1s llegar al parque porque el aforo de la sala es limitado.<\/p>\n\n\n\n<figure class=\"wp-block-image size-full\"><img loading=\"lazy\" decoding=\"async\" width=\"800\" height=\"514\" src=\"http:\/\/ampajesusmaria.es\/wp-content\/uploads\/2025\/03\/f2ea1722_complementos-aquadome.jpg.800x800_q85.jpg\" alt=\"\" class=\"wp-image-656\" srcset=\"https:\/\/ampajesusmaria.es\/wp-content\/uploads\/2025\/03\/f2ea1722_complementos-aquadome.jpg.800x800_q85.jpg 800w, https:\/\/ampajesusmaria.es\/wp-content\/uploads\/2025\/03\/f2ea1722_complementos-aquadome.jpg.800x800_q85-300x193.jpg 300w, https:\/\/ampajesusmaria.es\/wp-content\/uploads\/2025\/03\/f2ea1722_complementos-aquadome.jpg.800x800_q85-768x493.jpg 768w\" sizes=\"auto, (max-width: 800px) 100vw, 800px\" \/><\/figure>\n\n\n\n<p>Esta oferta <strong>s\u00f3lo es v\u00e1lida para el s\u00e1bado 12 de abril<\/strong>.<\/p>\n\n\n<style>.wp-block-kadence-advancedheading.kt-adv-heading655_5f5c89-32, .wp-block-kadence-advancedheading.kt-adv-heading655_5f5c89-32[data-kb-block=\"kb-adv-heading655_5f5c89-32\"]{font-style:normal;}.wp-block-kadence-advancedheading.kt-adv-heading655_5f5c89-32 mark.kt-highlight, .wp-block-kadence-advancedheading.kt-adv-heading655_5f5c89-32[data-kb-block=\"kb-adv-heading655_5f5c89-32\"] mark.kt-highlight{font-style:normal;color:#f76a0c;-webkit-box-decoration-break:clone;box-decoration-break:clone;padding-top:0px;padding-right:0px;padding-bottom:0px;padding-left:0px;}<\/style>\n<h3 class=\"kt-adv-heading655_5f5c89-32 wp-block-kadence-advancedheading\" data-kb-block=\"kb-adv-heading655_5f5c89-32\">Horario<\/h3>\n\n\n\n<p>El recinto est\u00e1 abierto desde las 10h de la ma\u00f1ana hasta las 17h de la tarde.<\/p>\n\n\n\n<p>* <em><strong>La \u00faltima hora de entrada es a las 15:30h. <\/strong><\/em>(m\u00e1s tarde la taquilla est\u00e1 cerrada) y no se puede acceder al interior.<\/p>\n\n\n<style>.wp-block-kadence-advancedheading.kt-adv-heading655_60ba3c-f6, .wp-block-kadence-advancedheading.kt-adv-heading655_60ba3c-f6[data-kb-block=\"kb-adv-heading655_60ba3c-f6\"]{font-style:normal;}.wp-block-kadence-advancedheading.kt-adv-heading655_60ba3c-f6 mark.kt-highlight, .wp-block-kadence-advancedheading.kt-adv-heading655_60ba3c-f6[data-kb-block=\"kb-adv-heading655_60ba3c-f6\"] mark.kt-highlight{font-style:normal;color:#f76a0c;-webkit-box-decoration-break:clone;box-decoration-break:clone;padding-top:0px;padding-right:0px;padding-bottom:0px;padding-left:0px;}<\/style>\n<h3 class=\"kt-adv-heading655_60ba3c-f6 wp-block-kadence-advancedheading\" data-kb-block=\"kb-adv-heading655_60ba3c-f6\">Pago<\/h3>\n\n\n\n<p>Pod\u00e9is <strong>comprar las entradas a trav\u00e9s del formulario<\/strong> que encontrar\u00e9is al final de esta p\u00e1gina mediante <strong>tarjeta de cr\u00e9dito o d\u00e9bito<\/strong>. Existe una restricci\u00f3n, <strong>s\u00f3lo est\u00e1 permitida la compra de un m\u00e1ximo de 5 entradas por familia<\/strong>.<\/p>\n\n\n\n<p><strong>La fecha l\u00edmite de compra es el viernes d\u00eda 10 de abril. <\/strong>En la taquilla no se podr\u00e1n<br>comprar entradas. Una vez realizado el pago, no se realizaran reembolsos.<\/p>\n\n\n<style>.wp-block-kadence-advancedheading.kt-adv-heading655_9dc6d3-b5, .wp-block-kadence-advancedheading.kt-adv-heading655_9dc6d3-b5[data-kb-block=\"kb-adv-heading655_9dc6d3-b5\"]{font-style:normal;}.wp-block-kadence-advancedheading.kt-adv-heading655_9dc6d3-b5 mark.kt-highlight, .wp-block-kadence-advancedheading.kt-adv-heading655_9dc6d3-b5[data-kb-block=\"kb-adv-heading655_9dc6d3-b5\"] mark.kt-highlight{font-style:normal;color:#f76a0c;-webkit-box-decoration-break:clone;box-decoration-break:clone;padding-top:0px;padding-right:0px;padding-bottom:0px;padding-left:0px;}<\/style>\n<h3 class=\"kt-adv-heading655_9dc6d3-b5 wp-block-kadence-advancedheading\" data-kb-block=\"kb-adv-heading655_9dc6d3-b5\">\u00bfC\u00f3mo entraremos al parque?<\/h3>\n\n\n\n<p><strong><em>Para entrar es imprescindible presentar en taquilla el correo electr\u00f3nico que recibir\u00e9is del AMPA Jes\u00fas Mar\u00eda, una vez se haya completado el pago, juntamente con el DNI del comprador\/padre\/madre\/tutor<\/em><\/strong> <strong> <\/strong>que hay\u00e1is indicado en el formulario de compra.<\/p>\n\n\n\n<p>\u00a1Os esperamos a todos con mucha ilusi\u00f3n!<\/p>\n\n\n\n\n\n<p>Pod\u00e9is encontrar m\u00e1s informaci\u00f3n en la web del parque <a href=\"https:\/\/palmaaquarium.com\/\" target=\"_blank\" rel=\"noreferrer noopener\">https:\/\/palmaaquarium.com\/<\/a><\/p>\n\n\n\n<figure class=\"wp-block-embed is-type-video is-provider-youtube wp-block-embed-youtube wp-embed-aspect-16-9 wp-has-aspect-ratio\"><div class=\"wp-block-embed__wrapper\">\n<iframe loading=\"lazy\" title=\"Descubre un mundo bajo el mar. Palma Aquarium\" width=\"720\" height=\"405\" src=\"https:\/\/www.youtube.com\/embed\/NzNFlBGPcCY?feature=oembed\" frameborder=\"0\" allow=\"accelerometer; autoplay; clipboard-write; encrypted-media; gyroscope; picture-in-picture; web-share\" referrerpolicy=\"strict-origin-when-cross-origin\" allowfullscreen><\/iframe>\n<\/div><\/figure>\n\n\n\n<p>Si ten\u00e9is alguna duda, pod\u00e9is mandarnos un mensaje a trav\u00e9s de la <a href=\"https:\/\/ampajesusmaria.es\/contacto\/\" data-type=\"page\" data-id=\"16\">p\u00e1gina de contacto<\/a> o cont\u00e1ctenos a trav\u00e9s de redes sociales.<\/p>\n","protected":false},"excerpt":{"rendered":"<p>\u00a1Hola, familias del AMPA! Desde el AMPA hemos querido organizar una Diada Familiar, en la que podr\u00e9is disfrutar depasar tiempo en familia, adem\u00e1s de compartir tiempo con otras familias del colegio y en unlugar tan maravilloso como es el Palma Aquarium. \u00bfCu\u00e1ndo? S\u00e1bado, 12 de abril de 2025 Precios Precio AMPA Adultos ( mayores de&#8230;<\/p>\n","protected":false},"author":1,"featured_media":657,"comment_status":"closed","ping_status":"closed","sticky":false,"template":"","format":"standard","meta":{"_kad_blocks_custom_css":"","_kad_blocks_head_custom_js":"","_kad_blocks_body_custom_js":"","_kad_blocks_footer_custom_js":"","_kad_post_transparent":"","_kad_post_title":"","_kad_post_layout":"","_kad_post_sidebar_id":"","_kad_post_content_style":"","_kad_post_vertical_padding":"","_kad_post_feature":"","_kad_post_feature_position":"","_kad_post_header":false,"_kad_post_footer":false,"footnotes":""},"categories":[1],"tags":[],"class_list":["post-655","post","type-post","status-publish","format-standard","has-post-thumbnail","hentry","category-blog"],"acf":[],"taxonomy_info":{"category":[{"value":1,"label":"Noticias"}]},"featured_image_src_large":["https:\/\/ampajesusmaria.es\/wp-content\/uploads\/2025\/03\/9e1d7bfa_portada-de-producto-3.jpg.800x800_q85.jpg",800,514,false],"author_info":{"display_name":"Juan Antonio","author_link":"https:\/\/ampajesusmaria.es\/author\/juanantonio"},"comment_info":0,"category_info":[{"term_id":1,"name":"Noticias","slug":"blog","term_group":0,"term_taxonomy_id":1,"taxonomy":"category","description":"","parent":0,"count":26,"filter":"raw","cat_ID":1,"category_count":26,"category_description":"","cat_name":"Noticias","category_nicename":"blog","category_parent":0}],"tag_info":false,"_links":{"self":[{"href":"https:\/\/ampajesusmaria.es\/index.php?rest_route=\/wp\/v2\/posts\/655","targetHints":{"allow":["GET"]}}],"collection":[{"href":"https:\/\/ampajesusmaria.es\/index.php?rest_route=\/wp\/v2\/posts"}],"about":[{"href":"https:\/\/ampajesusmaria.es\/index.php?rest_route=\/wp\/v2\/types\/post"}],"author":[{"embeddable":true,"href":"https:\/\/ampajesusmaria.es\/index.php?rest_route=\/wp\/v2\/users\/1"}],"replies":[{"embeddable":true,"href":"https:\/\/ampajesusmaria.es\/index.php?rest_route=%2Fwp%2Fv2%2Fcomments&post=655"}],"version-history":[{"count":8,"href":"https:\/\/ampajesusmaria.es\/index.php?rest_route=\/wp\/v2\/posts\/655\/revisions"}],"predecessor-version":[{"id":678,"href":"https:\/\/ampajesusmaria.es\/index.php?rest_route=\/wp\/v2\/posts\/655\/revisions\/678"}],"wp:featuredmedia":[{"embeddable":true,"href":"https:\/\/ampajesusmaria.es\/index.php?rest_route=\/wp\/v2\/media\/657"}],"wp:attachment":[{"href":"https:\/\/ampajesusmaria.es\/index.php?rest_route=%2Fwp%2Fv2%2Fmedia&parent=655"}],"wp:term":[{"taxonomy":"category","embeddable":true,"href":"https:\/\/ampajesusmaria.es\/index.php?rest_route=%2Fwp%2Fv2%2Fcategories&post=655"},{"taxonomy":"post_tag","embeddable":true,"href":"https:\/\/ampajesusmaria.es\/index.php?rest_route=%2Fwp%2Fv2%2Ftags&post=655"}],"curies":[{"name":"wp","href":"https:\/\/api.w.org\/{rel}","templated":true}]}}