{"id":688,"date":"2025-04-14T16:39:42","date_gmt":"2025-04-14T14:39:42","guid":{"rendered":"https:\/\/ampajesusmaria.es\/?p=688"},"modified":"2025-04-14T16:41:15","modified_gmt":"2025-04-14T14:41:15","slug":"fotos-de-grup-2024-2025","status":"publish","type":"post","link":"https:\/\/ampajesusmaria.es\/?p=688","title":{"rendered":"Fotos de grup 2024\/2025"},"content":{"rendered":"\n<p>Benvolgudes fam\u00edlies,<\/p>\n\n\n\n<p>Ens posem en contacte amb vosaltres per informar-vos que dia <strong>6 de maig de 2025<\/strong> es realitzar\u00e0 una sessi\u00f3 fotogr\u00e0fica per fer les fotografies de grup a aquells alumnes que canvien de cicle:  <\/p>\n\n\n\n<ul class=\"wp-block-list\">\n<li>6\u00e8 educaci\u00f3 infantil (5 anys);<\/li>\n\n\n\n<li>2n, 4t i 6\u00e8 d&#8217;Educaci\u00f3 Prim\u00e0ria;<\/li>\n\n\n\n<li>2n d&#8217;Educaci\u00f3 Secund\u00e0ria (ESO)<\/li>\n<\/ul>\n\n\n\n<p>A m\u00e9s, tamb\u00e9 es realitzaran les fotos per a l&#8217;Orla de final de curs per als alumnes de 4t d&#8217;ESO.<\/p>\n\n\n\n<p>Aquesta fotografia de grup \u00e9s gratu\u00efta per a aquelles fam\u00edlies que v\u00e0reu comprar el paquet de Nadal; per tant, no heu de fer cap tr\u00e0mit m\u00e9s.<\/p>\n\n\n\n<p>L\u2019orla de 4t d\u2019ESO \u00e9s gratu\u00efta per tots alumnes. Tampoc heu de fer res m\u00e9s.<\/p>\n\n\n\n<p>Per a la resta dels alumnes que estigueu interessats en aconseguir-ne una foto, el seu cost \u00e9s: <\/p>\n\n\n\n<figure class=\"wp-block-table\"><table><tbody><tr><td><\/td><td><strong><em>Preu<\/em><\/strong><\/td><\/tr><tr><td>Soci AMPA<\/td><td>6 \u20ac<\/td><\/tr><tr><td>NO soci AMPA<\/td><td>11 \u20ac<\/td><\/tr><\/tbody><\/table><\/figure>\n\n\n\n<p><\/p>\n\n\n\n<p>Pod\u00e9u realitzar la compra de la foto de grup a trav\u00e9s del seg\u00fcent <strong>formulari que romandr\u00e1 actiu fins el 5 de maig a les 22h<\/strong>.<\/p>\n\n\n","protected":false},"excerpt":{"rendered":"<p>Benvolgudes fam\u00edlies, Ens posem en contacte amb vosaltres per informar-vos que dia 6 de maig de 2025 es realitzar\u00e0 una sessi\u00f3 fotogr\u00e0fica per fer les fotografies de grup a aquells alumnes que canvien de cicle: A m\u00e9s, tamb\u00e9 es realitzaran les fotos per a l&#8217;Orla de final de curs per als alumnes de 4t d&#8217;ESO&#8230;.<\/p>\n","protected":false},"author":1,"featured_media":244,"comment_status":"closed","ping_status":"closed","sticky":false,"template":"","format":"standard","meta":{"_kad_blocks_custom_css":"","_kad_blocks_head_custom_js":"","_kad_blocks_body_custom_js":"","_kad_blocks_footer_custom_js":"","_kad_post_transparent":"","_kad_post_title":"","_kad_post_layout":"","_kad_post_sidebar_id":"","_kad_post_content_style":"","_kad_post_vertical_padding":"","_kad_post_feature":"","_kad_post_feature_position":"","_kad_post_header":false,"_kad_post_footer":false,"footnotes":""},"categories":[1],"tags":[],"class_list":["post-688","post","type-post","status-publish","format-standard","has-post-thumbnail","hentry","category-blog"],"acf":[],"taxonomy_info":{"category":[{"value":1,"label":"Noticias"}]},"featured_image_src_large":["https:\/\/ampajesusmaria.es\/wp-content\/uploads\/2022\/04\/39-1024x548.jpg",1024,548,true],"author_info":{"display_name":"Juan Antonio","author_link":"https:\/\/ampajesusmaria.es\/author\/juanantonio"},"comment_info":0,"category_info":[{"term_id":1,"name":"Noticias","slug":"blog","term_group":0,"term_taxonomy_id":1,"taxonomy":"category","description":"","parent":0,"count":26,"filter":"raw","cat_ID":1,"category_count":26,"category_description":"","cat_name":"Noticias","category_nicename":"blog","category_parent":0}],"tag_info":false,"_links":{"self":[{"href":"https:\/\/ampajesusmaria.es\/index.php?rest_route=\/wp\/v2\/posts\/688","targetHints":{"allow":["GET"]}}],"collection":[{"href":"https:\/\/ampajesusmaria.es\/index.php?rest_route=\/wp\/v2\/posts"}],"about":[{"href":"https:\/\/ampajesusmaria.es\/index.php?rest_route=\/wp\/v2\/types\/post"}],"author":[{"embeddable":true,"href":"https:\/\/ampajesusmaria.es\/index.php?rest_route=\/wp\/v2\/users\/1"}],"replies":[{"embeddable":true,"href":"https:\/\/ampajesusmaria.es\/index.php?rest_route=%2Fwp%2Fv2%2Fcomments&post=688"}],"version-history":[{"count":3,"href":"https:\/\/ampajesusmaria.es\/index.php?rest_route=\/wp\/v2\/posts\/688\/revisions"}],"predecessor-version":[{"id":691,"href":"https:\/\/ampajesusmaria.es\/index.php?rest_route=\/wp\/v2\/posts\/688\/revisions\/691"}],"wp:featuredmedia":[{"embeddable":true,"href":"https:\/\/ampajesusmaria.es\/index.php?rest_route=\/wp\/v2\/media\/244"}],"wp:attachment":[{"href":"https:\/\/ampajesusmaria.es\/index.php?rest_route=%2Fwp%2Fv2%2Fmedia&parent=688"}],"wp:term":[{"taxonomy":"category","embeddable":true,"href":"https:\/\/ampajesusmaria.es\/index.php?rest_route=%2Fwp%2Fv2%2Fcategories&post=688"},{"taxonomy":"post_tag","embeddable":true,"href":"https:\/\/ampajesusmaria.es\/index.php?rest_route=%2Fwp%2Fv2%2Ftags&post=688"}],"curies":[{"name":"wp","href":"https:\/\/api.w.org\/{rel}","templated":true}]}}