{"id":692,"date":"2025-04-14T16:45:50","date_gmt":"2025-04-14T14:45:50","guid":{"rendered":"https:\/\/ampajesusmaria.es\/?p=692"},"modified":"2025-04-14T16:45:52","modified_gmt":"2025-04-14T14:45:52","slug":"fotos-de-grupo-2024-2025","status":"publish","type":"post","link":"https:\/\/ampajesusmaria.es\/?p=692","title":{"rendered":"Fotos de grupo 2024\/2025"},"content":{"rendered":"\n<p>Estimadas familias, <\/p>\n\n\n\n<p>Nos ponemos en contacto con vosotros para informaros de que <strong>d\u00eda 6 de mayo de 2025<\/strong> se realizar\u00e1 una sesi\u00f3n fotogr\u00e1fica para hacer las <strong>fotos de grupo<\/strong> a aquellos alumnos que cambian de ciclo:<\/p>\n\n\n\n<ul class=\"wp-block-list\">\n<li>6\u00ba educaci\u00f3n infantil; <\/li>\n\n\n\n<li>2\u00ba, 4\u00ba y 6\u00ba de educaci\u00f3n primaria; <\/li>\n\n\n\n<li>2\u00ba de educaci\u00f3n secundaria (ESO) <\/li>\n<\/ul>\n\n\n\n<p>Adem\u00e1s, tambi\u00e9n se realizar\u00e1n las fotos para la Orla de final de curso para los alumnos de 4\u00ba de la ESO.<\/p>\n\n\n\n<p>La foto de grupo es gratuita para todas aquellas familias que comprasteis el lote de Navidad; por tanto, no deb\u00e9is hacer ning\u00fan tr\u00e1mite m\u00e1s.<\/p>\n\n\n\n<p>La orla de 4\u00ba de ESO es gratuita para todos los alumnos. Tampoco deb\u00e9is hacer nada m\u00e1s<\/p>\n\n\n\n<p>Para el resto de los alumnos, tiene el siguiente coste: <\/p>\n\n\n\n<figure class=\"wp-block-table\"><table><tbody><tr><td><\/td><td>Precio<\/td><\/tr><tr><td>Socios AMPA<\/td><td>6 \u20ac<\/td><\/tr><tr><td>NO socios AMPA<\/td><td>11 \u20ac<\/td><\/tr><\/tbody><\/table><\/figure>\n\n\n\n<p><\/p>\n\n\n\n<p>La compra se puede realizar a trav\u00e9s del siguiente <strong>formulario que permanecer\u00e1 abierto hasta el d\u00eda 5 de mayo a las 22h.<\/strong><\/p>\n\n\n","protected":false},"excerpt":{"rendered":"<p>Estimadas familias, Nos ponemos en contacto con vosotros para informaros de que d\u00eda 6 de mayo de 2025 se realizar\u00e1 una sesi\u00f3n fotogr\u00e1fica para hacer las fotos de grupo a aquellos alumnos que cambian de ciclo: Adem\u00e1s, tambi\u00e9n se realizar\u00e1n las fotos para la Orla de final de curso para los alumnos de 4\u00ba de&#8230;<\/p>\n","protected":false},"author":1,"featured_media":244,"comment_status":"closed","ping_status":"closed","sticky":false,"template":"","format":"standard","meta":{"_kad_blocks_custom_css":"","_kad_blocks_head_custom_js":"","_kad_blocks_body_custom_js":"","_kad_blocks_footer_custom_js":"","_kad_post_transparent":"","_kad_post_title":"","_kad_post_layout":"","_kad_post_sidebar_id":"","_kad_post_content_style":"","_kad_post_vertical_padding":"","_kad_post_feature":"","_kad_post_feature_position":"","_kad_post_header":false,"_kad_post_footer":false,"footnotes":""},"categories":[1],"tags":[],"class_list":["post-692","post","type-post","status-publish","format-standard","has-post-thumbnail","hentry","category-blog"],"acf":[],"taxonomy_info":{"category":[{"value":1,"label":"Noticias"}]},"featured_image_src_large":["https:\/\/ampajesusmaria.es\/wp-content\/uploads\/2022\/04\/39-1024x548.jpg",1024,548,true],"author_info":{"display_name":"Juan Antonio","author_link":"https:\/\/ampajesusmaria.es\/author\/juanantonio"},"comment_info":0,"category_info":[{"term_id":1,"name":"Noticias","slug":"blog","term_group":0,"term_taxonomy_id":1,"taxonomy":"category","description":"","parent":0,"count":26,"filter":"raw","cat_ID":1,"category_count":26,"category_description":"","cat_name":"Noticias","category_nicename":"blog","category_parent":0}],"tag_info":false,"_links":{"self":[{"href":"https:\/\/ampajesusmaria.es\/index.php?rest_route=\/wp\/v2\/posts\/692","targetHints":{"allow":["GET"]}}],"collection":[{"href":"https:\/\/ampajesusmaria.es\/index.php?rest_route=\/wp\/v2\/posts"}],"about":[{"href":"https:\/\/ampajesusmaria.es\/index.php?rest_route=\/wp\/v2\/types\/post"}],"author":[{"embeddable":true,"href":"https:\/\/ampajesusmaria.es\/index.php?rest_route=\/wp\/v2\/users\/1"}],"replies":[{"embeddable":true,"href":"https:\/\/ampajesusmaria.es\/index.php?rest_route=%2Fwp%2Fv2%2Fcomments&post=692"}],"version-history":[{"count":1,"href":"https:\/\/ampajesusmaria.es\/index.php?rest_route=\/wp\/v2\/posts\/692\/revisions"}],"predecessor-version":[{"id":693,"href":"https:\/\/ampajesusmaria.es\/index.php?rest_route=\/wp\/v2\/posts\/692\/revisions\/693"}],"wp:featuredmedia":[{"embeddable":true,"href":"https:\/\/ampajesusmaria.es\/index.php?rest_route=\/wp\/v2\/media\/244"}],"wp:attachment":[{"href":"https:\/\/ampajesusmaria.es\/index.php?rest_route=%2Fwp%2Fv2%2Fmedia&parent=692"}],"wp:term":[{"taxonomy":"category","embeddable":true,"href":"https:\/\/ampajesusmaria.es\/index.php?rest_route=%2Fwp%2Fv2%2Fcategories&post=692"},{"taxonomy":"post_tag","embeddable":true,"href":"https:\/\/ampajesusmaria.es\/index.php?rest_route=%2Fwp%2Fv2%2Ftags&post=692"}],"curies":[{"name":"wp","href":"https:\/\/api.w.org\/{rel}","templated":true}]}}